{"id":62973,"date":"2025-11-14T11:18:57","date_gmt":"2025-11-14T10:18:57","guid":{"rendered":"https:\/\/tecnolawyer.com\/videovigilancia-laboral-el-supremo-aclara-cuando-las-imagenes-son-prueba-valida-en-un-despido\/"},"modified":"2025-11-14T12:56:17","modified_gmt":"2025-11-14T11:56:17","slug":"videovigilancia-laboral-el-supremo-aclara-cuando-las-imagenes-son-prueba-valida-en-un-despido","status":"publish","type":"post","link":"https:\/\/tecnolawyer.com\/es\/videovigilancia-laboral-el-supremo-aclara-cuando-las-imagenes-son-prueba-valida-en-un-despido\/","title":{"rendered":"Videovigilancia laboral: el Supremo aclara cu\u00e1ndo las im\u00e1genes son prueba v\u00e1lida en un despido"},"content":{"rendered":"\n<p>La Sentencia del Tribunal Supremo 149\/2025, de 14 de enero, ha vuelto a poner en primer plano uno de los temas m\u00e1s complejos del Derecho digital laboral: el <strong>uso de sistemas de videovigilancia en el trabajo<\/strong>. En esta resoluci\u00f3n, el Alto Tribunal confirma que <strong>las im\u00e1genes captadas por las c\u00e1maras pueden utilizarse como prueba v\u00e1lida en un despido disciplinario<\/strong>, siempre que se respeten los principios de informaci\u00f3n, proporcionalidad y finalidad previstos en la LOPDGDD y el RGPD.<\/p><br><p>El caso se origina en el despido de una dependienta de una tienda de moda (<em>Stradivarius<\/em>) que hab\u00eda realizado una devoluci\u00f3n ficticia para quedarse con 39\u201998 \u20ac. La empresa acredit\u00f3 los hechos mediante las grabaciones de las c\u00e1maras de seguridad situadas en la zona de cajas. El Juzgado de lo Social declar\u00f3 el despido procedente, pero el Tribunal Superior de Justicia del Pa\u00eds Vasco lo anul\u00f3, considerando que la trabajadora no fue informada expresamente de que las im\u00e1genes pod\u00edan usarse con fines disciplinarios. Finalmente, el Supremo revoc\u00f3 esa decisi\u00f3n y valid\u00f3 la medida.<\/p><br><h2><span style=\"color: #009abe;\">La decisi\u00f3n del Supremo<\/span><\/h2><br><p>El Tribunal Supremo considera que el uso de las grabaciones fue <strong>l\u00edcito y proporcionado<\/strong>, apoy\u00e1ndose en tres elementos esenciales:<\/p><br><ol>\r\n\t<li><strong>Las c\u00e1maras eran visibles<\/strong> y los trabajadores conoc\u00edan su existencia.<\/li>\r\n\t<li><strong>Los representantes de los empleados hab\u00edan sido informados<\/strong> de su instalaci\u00f3n.<\/li>\r\n\t<li>El sistema se utiliz\u00f3 para comprobar un <strong>hecho concreto y flagrante<\/strong>, constitutivo de una falta muy grave (<a href=\"https:\/\/www.boe.es\/buscar\/act.php?id=BOE-A-2015-11430&amp;p=20250730&amp;tn=1#a54\" target=\"_blank\" rel=\"noopener\"> 54.2 d) ET<\/a>).<\/li>\r\n<\/ol><br><p>El Supremo se apoya en el <a href=\"https:\/\/www.boe.es\/buscar\/act.php?id=BOE-A-2018-16673&amp;p=20230509&amp;tn=1#a8-11\" target=\"_blank\" rel=\"noopener\"><strong>art\u00edculo 89 de la LOPDGDD<\/strong><\/a>, que permite el tratamiento de im\u00e1genes para el control laboral cuando las c\u00e1maras son visibles e informadas, y establece una <strong>excepci\u00f3n al deber de informaci\u00f3n previa<\/strong> en casos de <strong>flagrancia de una conducta il\u00edcita<\/strong>.<\/p><br><p>Asimismo, cita la jurisprudencia del <strong>Tribunal Constitucional (STC 119\/2022)<\/strong> y del <strong>Tribunal Europeo de Derechos Humanos (L\u00f3pez Ribalda II)<\/strong>, recordando que la videovigilancia puede considerarse v\u00e1lida si la medida es <strong>justificada, id\u00f3nea, necesaria y proporcionada<\/strong> al fin perseguido.<\/p><br><h2><span style=\"color: #009abe;\">Un punto de inflexi\u00f3n respecto a otros tribunales<\/span><\/h2><br><p>La resoluci\u00f3n contrasta con otras decisiones judiciales\u2014como las del <strong>TSJ del Pa\u00eds Vasco<\/strong> o del <strong>TSJ de Catalu\u00f1a<\/strong>\u2014que han declarado <strong>improcedentes o nulos<\/strong> los despidos fundamentados en im\u00e1genes de videovigilancia cuando no se informaba expresamente al trabajador sobre su posible uso disciplinario.<\/p><br><p>El Supremo, sin embargo, adopta una postura m\u00e1s pragm\u00e1tica: <strong>no toda deficiencia informativa convierte la medida en il\u00edcita<\/strong>, siempre que exista un equilibrio entre el <strong>derecho a la intimidad del trabajador<\/strong> (<a href=\"https:\/\/www.boe.es\/buscar\/act.php?id=BOE-A-1978-31229&amp;p=20240217&amp;tn=1#a18\" target=\"_blank\" rel=\"noopener\">art. 18 CE<\/a>) y la <strong>facultad empresarial de control<\/strong> (<a href=\"https:\/\/www.boe.es\/buscar\/act.php?id=BOE-A-2015-11430&amp;p=20250730&amp;tn=1#a20\" target=\"_blank\" rel=\"noopener\">art. 20.3 ET<\/a>).<\/p><br><h2><span style=\"color: #009abe;\">Conclusi\u00f3n<\/span><\/h2><br><p>Esta sentencia marca un nuevo hito en la interpretaci\u00f3n del uso de c\u00e1maras en el entorno laboral.<br \/>\r\nEl Supremo <strong>no flexibiliza la normativa<\/strong>, pero s\u00ed <strong>pondera su aplicaci\u00f3n con criterios de proporcionalidad<\/strong>. Reconoce que la videovigilancia no puede convertirse en una herramienta de vigilancia masiva, pero <strong>s\u00ed puede ser leg\u00edtima<\/strong> cuando se emplea con fines concretos, transparentes y necesarios para proteger los intereses de la empresa.<\/p><br><p>Para las organizaciones, el mensaje es claro:<\/p><br><ul>\r\n\t<li><strong>La videovigilancia es v\u00e1lida<\/strong>, pero debe integrarse en una <strong>pol\u00edtica de privacidad clara<\/strong>, con <strong>carteler\u00eda visible<\/strong>, informaci\u00f3n a la plantilla y revisi\u00f3n del <strong>Delegado de Protecci\u00f3n de Datos (DPD)<\/strong>.<\/li>\r\n\t<li>El cumplimiento formal no es suficiente; lo esencial es garantizar que la medida sea <strong>proporcionada y respetuosa con la dignidad del trabajador<\/strong>.<\/li>\r\n<\/ul><br><p>En definitiva, el Supremo confirma que <strong>seguridad y privacidad pueden convivir<\/strong>\u2026 siempre que se mantenga el delicado equilibrio entre control y confianza.<\/p><br><p>Como siempre, cuidad los datos y \u00a1cuidaos!<\/p><br><p>Para leer la resoluci\u00f3n, haga clic <a href=\"https:\/\/www.poderjudicial.es\/search\/AN\/openDocument\/7bb01026088a437ca0a8778d75e36f0d\/20250131\" target=\"_blank\" rel=\"noopener\">aqu\u00ed<\/a>.<\/p>\n","protected":false},"excerpt":{"rendered":"<p>La Sentencia del Tribunal Supremo 149\/2025, de 14 de enero, ha vuelto a poner en primer plano uno de los ... <a title=\"Videovigilancia laboral: el Supremo aclara cu\u00e1ndo las im\u00e1genes son prueba v\u00e1lida en un despido\" class=\"read-more\" href=\"https:\/\/tecnolawyer.com\/es\/videovigilancia-laboral-el-supremo-aclara-cuando-las-imagenes-son-prueba-valida-en-un-despido\/\" aria-label=\"Leer m\u00e1s sobre Videovigilancia laboral: el Supremo aclara cu\u00e1ndo las im\u00e1genes son prueba v\u00e1lida en un despido\">Leer m\u00e1s<\/a><\/p>\n","protected":false},"author":2,"featured_media":62978,"comment_status":"closed","ping_status":"closed","sticky":false,"template":"","format":"standard","meta":{"inline_featured_image":false,"generate_page_header":"","footnotes":""},"categories":[],"tags":[],"class_list":["post-62973","post","type-post","status-publish","format-standard","has-post-thumbnail","hentry","generate-columns","tablet-grid-50","mobile-grid-100","grid-parent","grid-50"],"_links":{"self":[{"href":"https:\/\/tecnolawyer.com\/es\/wp-json\/wp\/v2\/posts\/62973","targetHints":{"allow":["GET"]}}],"collection":[{"href":"https:\/\/tecnolawyer.com\/es\/wp-json\/wp\/v2\/posts"}],"about":[{"href":"https:\/\/tecnolawyer.com\/es\/wp-json\/wp\/v2\/types\/post"}],"author":[{"embeddable":true,"href":"https:\/\/tecnolawyer.com\/es\/wp-json\/wp\/v2\/users\/2"}],"replies":[{"embeddable":true,"href":"https:\/\/tecnolawyer.com\/es\/wp-json\/wp\/v2\/comments?post=62973"}],"version-history":[{"count":1,"href":"https:\/\/tecnolawyer.com\/es\/wp-json\/wp\/v2\/posts\/62973\/revisions"}],"predecessor-version":[{"id":62974,"href":"https:\/\/tecnolawyer.com\/es\/wp-json\/wp\/v2\/posts\/62973\/revisions\/62974"}],"wp:featuredmedia":[{"embeddable":true,"href":"https:\/\/tecnolawyer.com\/es\/wp-json\/wp\/v2\/media\/62978"}],"wp:attachment":[{"href":"https:\/\/tecnolawyer.com\/es\/wp-json\/wp\/v2\/media?parent=62973"}],"wp:term":[{"taxonomy":"category","embeddable":true,"href":"https:\/\/tecnolawyer.com\/es\/wp-json\/wp\/v2\/categories?post=62973"},{"taxonomy":"post_tag","embeddable":true,"href":"https:\/\/tecnolawyer.com\/es\/wp-json\/wp\/v2\/tags?post=62973"}],"curies":[{"name":"wp","href":"https:\/\/api.w.org\/{rel}","templated":true}]}}