{"id":61618,"date":"2025-07-18T10:56:56","date_gmt":"2025-07-18T08:56:56","guid":{"rendered":"https:\/\/tecnolawyer.com\/dinamarca-da-un-paso-valiente-contra-los-deepfakes-la-era-del-copyright-personal-ha-comenzado\/"},"modified":"2025-07-18T11:04:39","modified_gmt":"2025-07-18T09:04:39","slug":"dinamarca-da-un-paso-valiente-contra-los-deepfakes-la-era-del-copyright-personal-ha-comenzado","status":"publish","type":"post","link":"https:\/\/tecnolawyer.com\/es\/dinamarca-da-un-paso-valiente-contra-los-deepfakes-la-era-del-copyright-personal-ha-comenzado\/","title":{"rendered":"Dinamarca da un paso valiente contra los deepfakes: \u00bfla era del copyright personal ha comenzado?"},"content":{"rendered":"\n<p>En un contexto internacional marcado por el auge de las tecnolog\u00edas de inteligencia artificial generativa y la proliferaci\u00f3n de contenidos manipulados\u2014especialmente los conocidos <em>deepfakes<\/em>\u2014, Dinamarca ha sorprendido al mundo con una propuesta legislativa pionera: <strong>reconocer a cada persona derechos de autor sobre su imagen, voz y cuerpo<\/strong>. Este enfoque, profundamente innovador, busca dotar a los ciudadanos de herramientas legales m\u00e1s efectivas para frenar el uso no autorizado de sus caracter\u00edsticas personales en entornos digitales, especialmente ante la amenaza que representa la IA generativa.<\/p><br><h2><span style=\"color: #009abe;\">\u00bfEn qu\u00e9 consiste esta propuesta de ley?<\/span><\/h2><br><p>Dinamarca est\u00e1 dispuesta a modificar su legislaci\u00f3n en materia de derechos de autor para permitir que cualquier individuo pueda reclamar la <strong>titularidad sobre la explotaci\u00f3n no autorizada de su imagen, voz o incluso movimientos corporales generados artificialmente<\/strong>.<\/p><br><p>La iniciativa surge como <strong>respuesta a la creciente difusi\u00f3n de videos falsos creados mediante IA<\/strong>, algunos de ellos extremadamente realistas, que suplantan rostros, voces y gestos de personas reales \u2014famosas o no\u2014 sin su consentimiento. La normativa danesa, a\u00fan en fase de desarrollo, podr\u00eda constituir una base legal s\u00f3lida para exigir la retirada de contenidos <em>deepfake<\/em>, solicitar indemnizaciones por da\u00f1os morales o patrimoniales y, en algunos casos, emprender acciones penales.<\/p><br><h2><span style=\"color: #009abe;\">\u00bfPor qu\u00e9 es revolucionaria?<\/span><\/h2><br><p>Tradicionalmente, los sistemas jur\u00eddicos occidentales no han reconocido derechos de autor sobre la apariencia o la voz de una persona, dado que <strong>el copyright est\u00e1 reservado a \u00abobras\u00bb con originalidad y autor\u00eda<\/strong>. Las personas f\u00edsicas disponen de mecanismos como el derecho a la propia imagen o al honor, pero estos derechos no tienen la misma fuerza autom\u00e1tica ni vocaci\u00f3n preventiva que el <em>copyright<\/em>.<\/p><br><p>Dinamarca propone fusionar el enfoque de los derechos de la personalidad con la l\u00f3gica del derecho de autor y, as\u00ed, permitir que un individuo pueda actuar como si fuera titular de una obra cuando se explota su identidad digital. Esto abrir\u00eda la puerta a mecanismos de <em>takedown<\/em> similares a los que ya existen en plataformas como <em>YouTube<\/em> para proteger obras musicales o audiovisuales.<\/p><br><h2><span style=\"color: #009abe;\">\u00bfQu\u00e9 pasa en otros pa\u00edses?<\/span><\/h2><br><ul>\r\n\t<li>En Estados Unidos, algunos estados como <a href=\"https:\/\/leginfo.legislature.ca.gov\/faces\/codes_displaySection.xhtml?sectionNum=3344.&amp;lawCode=CIV\" target=\"_blank\" rel=\"noopener\">California<\/a> o <a href=\"https:\/\/www.ilga.gov\/Legislation\/ILCS\/Articles?ActID=3004&amp;ChapterID=57&amp;Chapter=CIVIL%20LIABILITIES&amp;MajorTopic=RIGHTS%20AND%20REMEDIES\" target=\"_blank\" rel=\"noopener\">Illinois<\/a> han aprobado leyes espec\u00edficas para proteger la \u00abvoz\u00bb o el \u00abaspecto\u00bb de las personas, pero desde la \u00f3ptica del derecho civil y no del <em>copyright<\/em>.<\/li>\r\n\t<li>En la Uni\u00f3n Europea, los derechos a la imagen y a la protecci\u00f3n de datos (como el art\u00edculo 8 de la <a href=\"https:\/\/www.boe.es\/doue\/2010\/083\/Z00389-00403.pdf\" target=\"_blank\" rel=\"noopener\">Carta de Derechos Fundamentales de la UE<\/a>) ofrecen una cierta cobertura, pero no otorgan un control autom\u00e1tico ni un derecho de explotaci\u00f3n patrimonial.<\/li>\r\n\t<li>En Espa\u00f1a, el derecho a la propia imagen (<a href=\"https:\/\/www.boe.es\/buscar\/act.php?id=BOE-A-1982-11196\" target=\"_blank\" rel=\"noopener\">LO 1\/1982, de 5 de mayo<\/a>) y la protecci\u00f3n de datos (<a href=\"https:\/\/www.boe.es\/doue\/2016\/119\/L00001-00088.pdf\" target=\"_blank\" rel=\"noopener\">RGPD<\/a> y <a href=\"https:\/\/www.boe.es\/buscar\/act.php?id=BOE-A-2018-16673&amp;p=20230509&amp;tn=1\" target=\"_blank\" rel=\"noopener\">LOPDGDD<\/a>) son las herramientas disponibles, pero no permiten reclamar una \u00abautor\u00eda\u00bb sobre nuestra voz o cuerpo. Ser\u00eda necesaria una reforma legal de calado para incorporar esta perspectiva.<\/li>\r\n<\/ul><br><h2><span style=\"color: #009abe;\">\u00bfUn camino hacia la soberan\u00eda digital individual?<\/span><\/h2><br><p>La propuesta danesa abre un nuevo paradigma jur\u00eddico, que reconoce que en la era digital el individuo no solo necesita <strong>proteger su intimidad, sino tambi\u00e9n ejercer control econ\u00f3mico y moral sobre su identidad digital<\/strong>. Si prospera, podr\u00eda marcar el inicio de un nuevo enfoque europeo para enfrentar los retos que plantea la IA generativa, los <em>deepfakes<\/em> y la manipulaci\u00f3n de contenidos.<\/p><br><p>El debate est\u00e1 servido: \u00bfdeber\u00edamos tener <em>copyright<\/em> sobre nosotros mismos?<\/p><br><p>Como siempre, cuidad los datos y \u00a1cuidaos!<\/p><br><p>Para leer la noticia, haga clic <a href=\"https:\/\/www.theguardian.com\/technology\/2025\/jun\/27\/deepfakes-denmark-copyright-law-artificial-intelligence\" target=\"_blank\" rel=\"noopener\">aqu\u00ed<\/a>.<\/p>\n","protected":false},"excerpt":{"rendered":"<p>En un contexto internacional marcado por el auge de las tecnolog\u00edas de inteligencia artificial generativa y la proliferaci\u00f3n de contenidos ... <a title=\"Dinamarca da un paso valiente contra los deepfakes: \u00bfla era del copyright personal ha comenzado?\" class=\"read-more\" href=\"https:\/\/tecnolawyer.com\/es\/dinamarca-da-un-paso-valiente-contra-los-deepfakes-la-era-del-copyright-personal-ha-comenzado\/\" aria-label=\"Leer m\u00e1s sobre Dinamarca da un paso valiente contra los deepfakes: \u00bfla era del copyright personal ha comenzado?\">Leer m\u00e1s<\/a><\/p>\n","protected":false},"author":2,"featured_media":61616,"comment_status":"closed","ping_status":"closed","sticky":false,"template":"","format":"standard","meta":{"inline_featured_image":false,"generate_page_header":"","footnotes":""},"categories":[262,252,324],"tags":[],"class_list":["post-61618","post","type-post","status-publish","format-standard","has-post-thumbnail","hentry","category-derecho-digital-es","category-privacidad-proteccion_datos-es","category-propiedad-intelectual","generate-columns","tablet-grid-50","mobile-grid-100","grid-parent","grid-50"],"_links":{"self":[{"href":"https:\/\/tecnolawyer.com\/es\/wp-json\/wp\/v2\/posts\/61618","targetHints":{"allow":["GET"]}}],"collection":[{"href":"https:\/\/tecnolawyer.com\/es\/wp-json\/wp\/v2\/posts"}],"about":[{"href":"https:\/\/tecnolawyer.com\/es\/wp-json\/wp\/v2\/types\/post"}],"author":[{"embeddable":true,"href":"https:\/\/tecnolawyer.com\/es\/wp-json\/wp\/v2\/users\/2"}],"replies":[{"embeddable":true,"href":"https:\/\/tecnolawyer.com\/es\/wp-json\/wp\/v2\/comments?post=61618"}],"version-history":[{"count":0,"href":"https:\/\/tecnolawyer.com\/es\/wp-json\/wp\/v2\/posts\/61618\/revisions"}],"wp:featuredmedia":[{"embeddable":true,"href":"https:\/\/tecnolawyer.com\/es\/wp-json\/wp\/v2\/media\/61616"}],"wp:attachment":[{"href":"https:\/\/tecnolawyer.com\/es\/wp-json\/wp\/v2\/media?parent=61618"}],"wp:term":[{"taxonomy":"category","embeddable":true,"href":"https:\/\/tecnolawyer.com\/es\/wp-json\/wp\/v2\/categories?post=61618"},{"taxonomy":"post_tag","embeddable":true,"href":"https:\/\/tecnolawyer.com\/es\/wp-json\/wp\/v2\/tags?post=61618"}],"curies":[{"name":"wp","href":"https:\/\/api.w.org\/{rel}","templated":true}]}}