{"id":59457,"date":"2024-01-26T12:07:24","date_gmt":"2024-01-26T11:07:24","guid":{"rendered":"https:\/\/tecnolawyer.com\/dia-europeo-de-la-proteccion-de-datos-2024\/"},"modified":"2024-01-26T13:01:27","modified_gmt":"2024-01-26T12:01:27","slug":"dia-europeo-de-la-proteccion-de-datos-2024","status":"publish","type":"post","link":"https:\/\/tecnolawyer.com\/es\/dia-europeo-de-la-proteccion-de-datos-2024\/","title":{"rendered":"D\u00eda Europeo de la Protecci\u00f3n de Datos 2024"},"content":{"rendered":"\n<p><em>El 28 de gener de cada any, se celebra el Dia Europeu de la Protecci\u00f3 de Dades. En una \u00e8poca marcada per la transformaci\u00f3 digital, aquest dia no \u00e9s nom\u00e9s una commemoraci\u00f3; <strong>\u00e9s un recordatori vital de la import\u00e0ncia de salvaguardar la informaci\u00f3 personal i empresarial.<\/strong> Per als directius de les petites i mitjanes empreses (PIMES) , aquesta data simbolitza una oportunitat per reflexionar i actuar sobre com gestionen i protegeixen les dades en les seves organitzacions.<\/em><\/p>\r\n<p>La protecci\u00f3 de dades ja no \u00e9s nom\u00e9s una q\u00fcesti\u00f3 de compliment legal, sin\u00f3 un aspecte cr\u00edtic que influeix en la confian\u00e7a i la reputaci\u00f3 d'una empresa. En un m\u00f3n cada vegada m\u00e9s connectat i digitalitzat, els directius de les PIMES s'enfronten a desafiaments \u00fanics. No nom\u00e9s s'han d'assegurar que les seves empreses compleixin amb les regulacions vigents, sin\u00f3 tamb\u00e9 preparar-se per als canvis futurs en el panorama de la privacitat de dades. El Dia Europeu de la Protecci\u00f3 de Dades 2024 ens ofereix una excel\u00b7lent oportunitat per explorar aquests temes i entendre millor com poden impactar a les PIMES .<\/p>\r\n<h2>La Creixent Import\u00e0ncia de la Protecci\u00f3 de Dades<\/h2>\r\n<p><strong>Expansi\u00f3 Digital i Vulnerabilitats de Dades en el Context Actual<\/strong><\/p>\r\n<p>L'era digital ha portat amb si un creixement exponencial en la quantitat de dades generades, recopilades i processadores. Aquest fenomen, impulsat per l' aven\u00e7 tecnol\u00f2gic i l' adopci\u00f3 massiva d' Internet, ha transformat radicalment la forma en qu\u00e8 les empreses operen. No obstant aix\u00f2, aquest avan\u00e7 tamb\u00e9 ha creat noves vulnerabilitats. <strong>Les bretxes de seguretat, els ciberatacs i l'\u00fas indegut de dades personals s\u00f3n amenaces cada vegada m\u00e9s comunes<\/strong>, que poden tenir conseq\u00fc\u00e8ncies devastadores tant per a individus com per a empreses.<\/p>\r\n<p>Per a les PIMES, que sovint tenen recursos limitats per a la gesti\u00f3 de dades i la seguretat inform\u00e0tica, aquest entorn representa un desafiament particular. La protecci\u00f3 de dades ja no \u00e9s nom\u00e9s una q\u00fcesti\u00f3 de compliment legal, sin\u00f3 una necessitat cr\u00edtica per salvaguardar la integritat empresarial i la confian\u00e7a dels clients.<\/p>\r\n<h2>Reptes de la Protecci\u00f3 de Dades per al 2024<\/h2>\r\n<p><strong>Nous Desafiaments a l'Era de la Intel\u00b7lig\u00e8ncia Artificial<\/strong><\/p>\r\n<p>A mesura que avancem cap al 2024, el panorama de la protecci\u00f3 de dades enfronta reptes cada vegada m\u00e9s complexos, particularment amb la proliferaci\u00f3 de la Intel\u00b7lig\u00e8ncia Artificial (IA). Aquestes tecnologies, tot i que ofereixen innombrables beneficis, tamb\u00e9 presenten riscos significatius en termes de privacitat i seguretat de dades. La IA, per exemple, pot processar i analitzar grans volums de dades personals, cosa que <strong>planteja preguntes sobre el consentiment, la transpar\u00e8ncia i el control sobre aquestes dades<\/strong>.<\/p>\r\n<p>Per a les PIMES, aix\u00f2 significa navegar per un terreny encara m\u00e9s complicat. S' hauran de mantenir al dia amb les \u00faltimes tecnologies i les seves implicacions en la privacitat de dades, alhora que s' asseguren de complir amb les regulacions existents i emergents. L'adaptaci\u00f3 a aquests canvis no nom\u00e9s \u00e9s crucial per evitar sancions legals, sin\u00f3 tamb\u00e9 per protegir el seu <strong>actiu m\u00e9s valu\u00f3s: la confian\u00e7a dels seus clients<\/strong>.<\/p>\r\n<p><strong>Impacte Espec\u00edfic en les PIMES<\/strong><\/p>\r\n<p>Les PIMES, en particular, enfronten desafiaments \u00fanics en aquest context. Moltes d' aquestes empreses estan en el proc\u00e9s de digitalitzaci\u00f3 i poden no tenir els recursos o l' experi\u00e8ncia necessaris per abordar efica\u00e7ment els riscos de seguretat de dades. A m\u00e9s, el din\u00e0mic panorama legal europeu i espanyol exigeix una constant actualitzaci\u00f3 i adaptaci\u00f3.<\/p>\r\n<p><strong>Les PIMES han de prioritzar l' educaci\u00f3 i capacitaci\u00f3 en protecci\u00f3 de dades, aix\u00ed com la inversi\u00f3 en solucions de seguretat i privacitat adequades<\/strong>. A m\u00e9s, \u00e9s fonamental que aquestes empreses comprenguin no nom\u00e9s les seves obligacions legals, sin\u00f3 tamb\u00e9 el valor estrat\u00e8gic d' una gesti\u00f3 de dades efica\u00e7 i segura en la construcci\u00f3 de relacions s\u00f2lides i duradores amb els clients.<\/p>\r\n<h2>Conclusi\u00f3<\/h2>\r\n<p>A les portes del Dia Europeu de la Protecci\u00f3 de Dades 2024, \u00e9s crucial que les PIMES reconeguin la import\u00e0ncia d'estar al dia amb les tend\u00e8ncies i desafiaments en la protecci\u00f3 de dades. El compliment no \u00e9s nom\u00e9s una q\u00fcesti\u00f3 de legalitat, sin\u00f3 un factor clau per a la confian\u00e7a del client i la reputaci\u00f3 empresarial. En abra\u00e7ar aquests desafiaments i preparar-se per als canvis legislatius, les PIMES poden no nom\u00e9s protegir la seva informaci\u00f3 i la dels seus clients, sin\u00f3 tamb\u00e9 <strong>posicionar-se com a empreses responsables i a l'avantguarda en l'era digital<\/strong>.<\/p>\r\n<p>Instem els directius de PIMES a prendre aquest dia com un moment de reflexi\u00f3 i acci\u00f3. <strong>La inversi\u00f3 en protecci\u00f3 de dades \u00e9s una inversi\u00f3 en el futur de la seva empresa<\/strong> i en el de tots.<\/p>\r\n<p>I, sobretot, Cuideu-vos!<\/p>\n","protected":false},"excerpt":{"rendered":"<p>El 28 de gener de cada any, se celebra el Dia Europeu de la Protecci\u00f3 de Dades. En una \u00e8poca ... <a title=\"D\u00eda Europeo de la Protecci\u00f3n de Datos 2024\" class=\"read-more\" href=\"https:\/\/tecnolawyer.com\/es\/dia-europeo-de-la-proteccion-de-datos-2024\/\" aria-label=\"Leer m\u00e1s sobre D\u00eda Europeo de la Protecci\u00f3n de Datos 2024\">Leer m\u00e1s<\/a><\/p>\n","protected":false},"author":2,"featured_media":59455,"comment_status":"closed","ping_status":"closed","sticky":false,"template":"","format":"standard","meta":{"inline_featured_image":false,"generate_page_header":"","footnotes":""},"categories":[252,264],"tags":[],"class_list":["post-59457","post","type-post","status-publish","format-standard","has-post-thumbnail","hentry","category-privacidad-proteccion_datos-es","category-reputacion-digital-es","generate-columns","tablet-grid-50","mobile-grid-100","grid-parent","grid-50"],"_links":{"self":[{"href":"https:\/\/tecnolawyer.com\/es\/wp-json\/wp\/v2\/posts\/59457","targetHints":{"allow":["GET"]}}],"collection":[{"href":"https:\/\/tecnolawyer.com\/es\/wp-json\/wp\/v2\/posts"}],"about":[{"href":"https:\/\/tecnolawyer.com\/es\/wp-json\/wp\/v2\/types\/post"}],"author":[{"embeddable":true,"href":"https:\/\/tecnolawyer.com\/es\/wp-json\/wp\/v2\/users\/2"}],"replies":[{"embeddable":true,"href":"https:\/\/tecnolawyer.com\/es\/wp-json\/wp\/v2\/comments?post=59457"}],"version-history":[{"count":0,"href":"https:\/\/tecnolawyer.com\/es\/wp-json\/wp\/v2\/posts\/59457\/revisions"}],"wp:featuredmedia":[{"embeddable":true,"href":"https:\/\/tecnolawyer.com\/es\/wp-json\/wp\/v2\/media\/59455"}],"wp:attachment":[{"href":"https:\/\/tecnolawyer.com\/es\/wp-json\/wp\/v2\/media?parent=59457"}],"wp:term":[{"taxonomy":"category","embeddable":true,"href":"https:\/\/tecnolawyer.com\/es\/wp-json\/wp\/v2\/categories?post=59457"},{"taxonomy":"post_tag","embeddable":true,"href":"https:\/\/tecnolawyer.com\/es\/wp-json\/wp\/v2\/tags?post=59457"}],"curies":[{"name":"wp","href":"https:\/\/api.w.org\/{rel}","templated":true}]}}