{"id":56410,"date":"2021-09-10T12:02:31","date_gmt":"2021-09-10T10:02:31","guid":{"rendered":"https:\/\/tecnolawyer.com\/?p=56410"},"modified":"2021-09-10T12:02:32","modified_gmt":"2021-09-10T10:02:32","slug":"es-obligatorio-contestar-a-las-demandas-de-empleo","status":"publish","type":"post","link":"https:\/\/tecnolawyer.com\/es\/es-obligatorio-contestar-a-las-demandas-de-empleo\/","title":{"rendered":"\u00bfEs obligatorio contestar a las demandas de empleo?"},"content":{"rendered":"\n<p><em>Estamos en unas circunstancias econ\u00f3micas que hace que las demandas de empleo sean bastante elevadas. Las empresas reciben un n\u00famero creciente de curr\u00edculums, muchos de ellos no solicitados, que se tienen que gestionar, entre otros, desde el punto de vista de la Protecci\u00f3n de Datos. A ra\u00edz de una <a href=\"https:\/\/www.aepd.es\/es\/documento\/ps-00237-2021.pdf\" target=\"_blank\" rel=\"noopener\">resoluci\u00f3n de la AEPD<\/a>, hoy nos ocupamos de uno de ellos: <strong>la obligatoriedad de la empresa de informar sobre que har\u00e1 con el CV<\/strong>.<\/em><br \/>\r\n<br \/>\r\nHasta ahora, no responder a los candidatos que se inscriben a una oferta de trabajo ni informarle del tratamiento que tendr\u00e1n sus datos personales es un pr\u00e1ctica habitual en las empresas por diferentes razones: falta de protocolos, de informaci\u00f3n, desinter\u00e9s o, simplemente, saturaci\u00f3n de trabajo.<br \/>\r\n<br \/>\r\nPero esta situaci\u00f3n puede cambiar radicalmente porque la Agencia Espa\u00f1ola de Protecci\u00f3n de Datos (AEPD) acaba de <strong>sancionar a una empresa con 2.000\u20ac de multa<\/strong> por no identificar de forma apropiada al responsable del tratamiento, ni comunicar al candidato la posibilidad de ejercer sus derechos ante el responsable del tratamiento, ni el destino que iban a tener sus datos. Adem\u00e1s, la entidad reclamada no dispon\u00eda de Delegado de Protecci\u00f3n de Datos (DPD).<br \/>\r\n<br \/>\r\nEl tr\u00e1mite se efectu\u00f3 por WhatsApp, lo cual nos pone en alerta porque cuando abrimos un canal de comunicaci\u00f3n nuevo, como puede ser un sistema de mensajer\u00eda frente al convencional correo electr\u00f3nico, tenemos que ser cuidadosos e <strong>implantar un protocolo en la empresa<\/strong> que tenga en cuenta las particularidades y especificaciones del canal para evitar sorpresas posteriores. En el presente caso, el candidato contact\u00f3 por tel\u00e9fono y remiti\u00f3 el CV por WhatsApp, sin recibir acuse de recibo.<br \/>\r\n<br \/>\r\nEl candidato remiti\u00f3 a la AEPD los pantallazos con los mensajes intercambiados por WhatsApp, en las que <strong>no aparece ninguna informaci\u00f3n relativa al tratamiento de los datos<\/strong>. La empresa reclamada no procedi\u00f3 a presentar alegaciones ni pruebas en el plazo de audiencia por lo cual la Agencia continu\u00f3 con el procedimiento.<br \/>\r\n<br \/>\r\nLa AEPD considera que se ha <strong>infringido el <a href=\"https:\/\/noticias.juridicas.com\/base_datos\/Privado\/574082-regl-2016-679-ue-de-27-abr-proteccion-de-las-personas-fisicas-en-lo-que.html#a13\" target=\"_blank\" rel=\"noopener\">art\u00edculo 13 del\u00a0RGPD<\/a><\/strong>\u00a0que hace referencia a la informaci\u00f3n sobre el tratamiento que se tiene que facilitar a los interesados cuando los datos personales provienen de \u00e9l mismo, as\u00ed como el resto de informaci\u00f3n necesaria para garantizar un tratamiento de datos leal y transparente.<br \/>\r\n<br \/>\r\nOtro d\u00eda hablaremos del resto de obligaciones que tenemos hacia los candidatos como la manera y el tiempo de conservaci\u00f3n de los curr\u00edculums y de los protocolos que la empresa tiene que tener implantados para dar respuesta a las candidaturas. Pero lo que nos tiene que quedar claro es que tenemos que estar bien asesorados y cumplir con nuestras obligaciones. De otro manera, podemos ser sancionados y, lo que es peor, sufrir una <strong>p\u00e9rdida reputacional<\/strong> que puede costar mucho de recuperar.<br \/>\r\n<br \/>\r\nMientras tanto, \u00a1cuidaos!<\/p>\n","protected":false},"excerpt":{"rendered":"<p>Estamos en unas circunstancias econ\u00f3micas que hace que las demandas de empleo sean bastante elevadas. Las empresas reciben un n\u00famero ... <a title=\"\u00bfEs obligatorio contestar a las demandas de empleo?\" class=\"read-more\" href=\"https:\/\/tecnolawyer.com\/es\/es-obligatorio-contestar-a-las-demandas-de-empleo\/\" aria-label=\"Leer m\u00e1s sobre \u00bfEs obligatorio contestar a las demandas de empleo?\">Leer m\u00e1s<\/a><\/p>\n","protected":false},"author":2,"featured_media":56413,"comment_status":"closed","ping_status":"closed","sticky":false,"template":"","format":"standard","meta":{"inline_featured_image":false,"generate_page_header":"","footnotes":""},"categories":[251,252],"tags":[284,283,285],"class_list":["post-56410","post","type-post","status-publish","format-standard","has-post-thumbnail","hentry","category-derecho-empresa-entornos-digitales-es","category-privacidad-proteccion_datos-es","tag-curriculum-es","tag-empresa-es","tag-recursos-humans-es","generate-columns","tablet-grid-50","mobile-grid-100","grid-parent","grid-50"],"_links":{"self":[{"href":"https:\/\/tecnolawyer.com\/es\/wp-json\/wp\/v2\/posts\/56410","targetHints":{"allow":["GET"]}}],"collection":[{"href":"https:\/\/tecnolawyer.com\/es\/wp-json\/wp\/v2\/posts"}],"about":[{"href":"https:\/\/tecnolawyer.com\/es\/wp-json\/wp\/v2\/types\/post"}],"author":[{"embeddable":true,"href":"https:\/\/tecnolawyer.com\/es\/wp-json\/wp\/v2\/users\/2"}],"replies":[{"embeddable":true,"href":"https:\/\/tecnolawyer.com\/es\/wp-json\/wp\/v2\/comments?post=56410"}],"version-history":[{"count":0,"href":"https:\/\/tecnolawyer.com\/es\/wp-json\/wp\/v2\/posts\/56410\/revisions"}],"wp:featuredmedia":[{"embeddable":true,"href":"https:\/\/tecnolawyer.com\/es\/wp-json\/wp\/v2\/media\/56413"}],"wp:attachment":[{"href":"https:\/\/tecnolawyer.com\/es\/wp-json\/wp\/v2\/media?parent=56410"}],"wp:term":[{"taxonomy":"category","embeddable":true,"href":"https:\/\/tecnolawyer.com\/es\/wp-json\/wp\/v2\/categories?post=56410"},{"taxonomy":"post_tag","embeddable":true,"href":"https:\/\/tecnolawyer.com\/es\/wp-json\/wp\/v2\/tags?post=56410"}],"curies":[{"name":"wp","href":"https:\/\/api.w.org\/{rel}","templated":true}]}}