{"id":55844,"date":"2021-08-05T17:35:17","date_gmt":"2021-08-05T15:35:17","guid":{"rendered":"https:\/\/tecnolawyer.com\/la-agencia-espanola-de-proteccion-de-datos-no-se-va-de-vacaciones\/"},"modified":"2021-08-06T13:00:38","modified_gmt":"2021-08-06T11:00:38","slug":"la-agencia-espanola-de-proteccion-de-datos-no-se-va-de-vacaciones","status":"publish","type":"post","link":"https:\/\/tecnolawyer.com\/es\/la-agencia-espanola-de-proteccion-de-datos-no-se-va-de-vacaciones\/","title":{"rendered":"La Agencia Espa\u00f1ola de Protecci\u00f3n de Datos no se va de vacaciones"},"content":{"rendered":"\t\t<div data-elementor-type=\"wp-post\" data-elementor-id=\"55844\" class=\"elementor elementor-55844 elementor-55834\" data-elementor-post-type=\"post\">\n\t\t\t\t\t\t<section class=\"elementor-section elementor-top-section elementor-element elementor-element-2934a0cf elementor-section-boxed elementor-section-height-default elementor-section-height-default\" data-id=\"2934a0cf\" data-element_type=\"section\" data-e-type=\"section\">\n\t\t\t\t\t\t<div class=\"elementor-container elementor-column-gap-default\">\n\t\t\t\t\t<div class=\"elementor-column elementor-col-100 elementor-top-column elementor-element elementor-element-77c301d3\" data-id=\"77c301d3\" data-element_type=\"column\" data-e-type=\"column\">\n\t\t\t<div class=\"elementor-widget-wrap elementor-element-populated\">\n\t\t\t\t\t\t<div class=\"elementor-element elementor-element-52628606 elementor-widget elementor-widget-text-editor\" data-id=\"52628606\" data-element_type=\"widget\" data-e-type=\"widget\" data-widget_type=\"text-editor.default\">\n\t\t\t\t<div class=\"elementor-widget-container\">\n\t\t\t\t\t\t\t\t\t<p><em>La Agencia Espa\u00f1ola de Protecci\u00f3n de Datos (AEPD) no se va de vacaciones. Solo en el mes de julio ha iniciado 20 procedimientos sancionadores que suman un total de 2.719.000 \u20ac, destacando dos en particular, uno a <a href=\"https:\/\/www.aepd.es\/es\/documento\/ps-00120-2021.pdf\" target=\"_blank\" rel=\"noopener\">Mercadona<\/a> y el otro a <a href=\"https:\/\/www.aepd.es\/es\/documento\/ps-00277-2021.pdf\" target=\"_blank\" rel=\"noopener\">Podemos<\/a>. Y en lo que llevamos de agosto ya ha impuesto una sanci\u00f3n a un Club N\u00e1utico.<\/em><\/p>\n<p>Concretamente al Club N\u00e1utico el Estaci\u00f3, y le han puesto 3.000 \u20ac de <a href=\"https:\/\/www.aepd.es\/es\/documento\/ps-00044-2021.pdf\" target=\"_blank\" rel=\"noopener\">multa<\/a> por que \u201cla entidad ha publicado en su web la convocatoria y el Acta de la Junta Ordinaria del Club, exponiendo datos personales sin restricciones de acceso\u201d. Debemos vigilar con este tipo de publicaciones, ya que probablemente sean pr\u00e1cticas que llevamos tiempo haciendo, pero que con la nueva normativa europea (ya no tan nueva) ahora pueden incurrir en delito. Es recomendable revisar todos estos tipos de procedimientos para adaptarlos a la normativa.<\/p>\n<p>Otra <a href=\"https:\/\/www.aepd.es\/es\/documento\/ps-00310-2021.pdf\" target=\"_blank\" rel=\"noopener\">sanci\u00f3n<\/a> muy com\u00fan es la que le han puesto a la Universidad a Distancia de Madrid (UDIMA). Un total de 3.000 \u20ac por enviar un correo publicitario a una persona que hab\u00eda solicitado previamente la supresi\u00f3n y oposici\u00f3n al tratamiento de todos sus datos por parte de UDIMA. Es importante revisar los procedimientos internos de la empresa de manera que, si un tercero hace una petici\u00f3n para suprimir el tratamiento de sus datos, se activen todos los mecanismos necesarios para que se cumpla dicha petici\u00f3n.<\/p>\n<p>Por otro lado, los que parece ser que no aprenden son Telef\u00f3nica y Caixabank, que vuelven a ser sancionados este mes de julio. Como ya comentamos en otro <a href=\"https:\/\/tecnolawyer.com\/es\/aepd-sancion-record-y-record-de-sanciones\/\" target=\"_blank\" rel=\"noopener\">post<\/a>, la AEPD es el \u00f3rgano europeo que m\u00e1s sanciones ha puesto. Sin embargo, sus hom\u00f3logos europeos, aunque han abierto menos expedientes sancionadores, los importes de las multas que han puesto son mayores.<\/p>\n<p>La palma se la lleva Luxemburgo. La Comisi\u00f3n Nacional de Protecci\u00f3n de Datos de Luxemburgo (CNPD) ha impuesto una sanci\u00f3n de 746 millones de euros a Amazon Europe Core al considerar que el tratamiento de datos por parte de la multinacional no cumpl\u00eda con la normativa sobre protecci\u00f3n de datos de la UE. <strong>Las leyes europeas de protecci\u00f3n de datos contemplan la posibilidad de multar hasta con el 4% de los ingresos anuales a las compa\u00f1\u00edas que vulneren las normas.<\/strong><\/p>\n<p>Por lo tanto, no podemos bajar la guardia, aunque sea verano, ya que la AEPD no lo hace tampoco. Vigilemos lo que publicamos en nuestro sitio web y revisemos los procedimientos internos respecto a las solicitudes de baja de tratamiento de datos por parte de un tercero. Pidamos ayuda si hace falta a un experto en protecci\u00f3n de datos, ya que a la larga nos saldr\u00e1 m\u00e1s barato que pagar la sanci\u00f3n, tanto a nivel econ\u00f3mico como a nivel reputacional.<\/p>\n<p>Como siempre, \u00a1cuidaos!<\/p>\n\t\t\t\t\t\t\t\t<\/div>\n\t\t\t\t<\/div>\n\t\t\t\t\t<\/div>\n\t\t<\/div>\n\t\t\t\t\t<\/div>\n\t\t<\/section>\n\t\t\t\t<\/div>\n\t\t","protected":false},"excerpt":{"rendered":"<p>La Agencia Espa\u00f1ola de Protecci\u00f3n de Datos (AEPD) no se va de vacaciones. Solo en el mes de julio ha ... <a title=\"La Agencia Espa\u00f1ola de Protecci\u00f3n de Datos no se va de vacaciones\" class=\"read-more\" href=\"https:\/\/tecnolawyer.com\/es\/la-agencia-espanola-de-proteccion-de-datos-no-se-va-de-vacaciones\/\" aria-label=\"Leer m\u00e1s sobre La Agencia Espa\u00f1ola de Protecci\u00f3n de Datos no se va de vacaciones\">Leer m\u00e1s<\/a><\/p>\n","protected":false},"author":5,"featured_media":55841,"comment_status":"closed","ping_status":"closed","sticky":false,"template":"","format":"standard","meta":{"inline_featured_image":false,"generate_page_header":"","footnotes":""},"categories":[262,265],"tags":[],"class_list":["post-55844","post","type-post","status-publish","format-standard","has-post-thumbnail","hentry","category-derecho-digital-es","category-derechos-y-libertades-digitales-de-las-personas-es","generate-columns","tablet-grid-50","mobile-grid-100","grid-parent","grid-50"],"_links":{"self":[{"href":"https:\/\/tecnolawyer.com\/es\/wp-json\/wp\/v2\/posts\/55844","targetHints":{"allow":["GET"]}}],"collection":[{"href":"https:\/\/tecnolawyer.com\/es\/wp-json\/wp\/v2\/posts"}],"about":[{"href":"https:\/\/tecnolawyer.com\/es\/wp-json\/wp\/v2\/types\/post"}],"author":[{"embeddable":true,"href":"https:\/\/tecnolawyer.com\/es\/wp-json\/wp\/v2\/users\/5"}],"replies":[{"embeddable":true,"href":"https:\/\/tecnolawyer.com\/es\/wp-json\/wp\/v2\/comments?post=55844"}],"version-history":[{"count":0,"href":"https:\/\/tecnolawyer.com\/es\/wp-json\/wp\/v2\/posts\/55844\/revisions"}],"wp:featuredmedia":[{"embeddable":true,"href":"https:\/\/tecnolawyer.com\/es\/wp-json\/wp\/v2\/media\/55841"}],"wp:attachment":[{"href":"https:\/\/tecnolawyer.com\/es\/wp-json\/wp\/v2\/media?parent=55844"}],"wp:term":[{"taxonomy":"category","embeddable":true,"href":"https:\/\/tecnolawyer.com\/es\/wp-json\/wp\/v2\/categories?post=55844"},{"taxonomy":"post_tag","embeddable":true,"href":"https:\/\/tecnolawyer.com\/es\/wp-json\/wp\/v2\/tags?post=55844"}],"curies":[{"name":"wp","href":"https:\/\/api.w.org\/{rel}","templated":true}]}}