{"id":55825,"date":"2021-07-16T12:21:52","date_gmt":"2021-07-16T10:21:52","guid":{"rendered":"https:\/\/tecnolawyer.com\/la-nueva-carta-de-derechos-digitales\/"},"modified":"2021-07-16T12:36:49","modified_gmt":"2021-07-16T10:36:49","slug":"la-nueva-carta-de-derechos-digitales","status":"publish","type":"post","link":"https:\/\/tecnolawyer.com\/es\/la-nueva-carta-de-derechos-digitales\/","title":{"rendered":"La nueva Carta de Derechos Digitales"},"content":{"rendered":"<p><em>El Gobierno espa\u00f1ol ha presentado la nueva <a href=\"https:\/\/www.lamoncloa.gob.es\/presidente\/actividades\/Documents\/2021\/140721-Carta_Derechos_Digitales_RedEs.pdf\" target=\"_blank\" rel=\"noopener\">Carta de Derechos Digitales<\/a>, un documento que busca adaptar los derechos b\u00e1sicos consagrados en la Constituci\u00f3n a los entornos digitales por \u201cno dejar a nadie atr\u00e1s\u201d. El documento, que no tiene car\u00e1cter normativo, reconoce los nuevos retos que plantea el nuevo entorno digital y pretende sugerir e inspirar principios y pol\u00edticas referidas a este.<\/em><br \/>\r\n<br \/>\r\nEn palabras del Presidente del Gobierno, la Carta quiere \u201creforzar\u201d y \u201campliar\u201d los derechos de la ciudadan\u00eda, generar certeza en la sociedad ante la nueva realidad digital y aumentar la confianza de las personas frente la disrupci\u00f3n que representa la tecnolog\u00eda.<br \/>\r\n<br \/>\r\nLa Carta recoge <strong>seis categor\u00edas<\/strong> principales de derechos:<br \/>\r\n<br \/>\r\n<span style=\"text-decoration: underline;\">Derechos de libertad<\/span>: en el entorno digital, identidad digital, protecci\u00f3n de datos, Ciberseguridad, ...<br \/>\r\n<br \/>\r\n<span style=\"text-decoration: underline;\">Derechos de igualdad<\/span>: igualdad y no discriminaci\u00f3n, acceso a Internet, menores, accesibilidad universal, herencia digital, ...<br \/>\r\n<br \/>\r\n<span style=\"text-decoration: underline;\">Derechos de participaci\u00f3n y de conformaci\u00f3n del espacio p\u00fablico<\/span>: neutralidad de Internet, libertad de expresi\u00f3n e informaci\u00f3n, informaci\u00f3n veraz, educaci\u00f3n digital, relaci\u00f3n con las Administraciones, ...<br \/>\r\n<br \/>\r\n<span style=\"text-decoration: underline;\">Derechos del entorno laboral y empresarial:<\/span> en el \u00e1mbito laboral, la empresa en el entorno digital.<br \/>\r\n<br \/>\r\n<span style=\"text-decoration: underline;\">Derechos digitales en entornos espec\u00edficos<\/span>: acceso a datos con fines de archivo en inter\u00e9s p\u00fablico, investigaci\u00f3n cient\u00edfica o hist\u00f3rica, entre otras, desarrollo tecnol\u00f3gico, protecci\u00f3n de la salud, derechos ante la inteligencia artificial, utilizaci\u00f3n de las neurotecnolog\u00edas, ...<br \/>\r\n<br \/>\r\n<span style=\"text-decoration: underline;\">Garant\u00edas y eficacia<\/span>: derechos en los entornos digitales, Eficacia.<br \/>\r\n<br \/>\r\nLa Carta que, como dec\u00edamos al comienzo, no es normativa, se entiende sin perjuicio del ordenamiento jur\u00eddico vigente, en particular en materia de derechos, las disposiciones del cual ser\u00e1n de aplicaci\u00f3n: LOPDGDD, la reciente Ley de Trabajo a Distancia, la LSSICE, la Ley de Telecomunicaciones, la de protecci\u00f3n civil del derecho al honor, a la intimidad personal y familiar y a la propia imagen, etc.<br \/>\r\n<br \/>\r\nComo era de esperar, se han producido diferencias importantes entre los componentes del grupo de trabajo en varios de los aspectos tratados. Pero al menos se ha consensuado un texto que, sin duda, es un paso m\u00e1s en la buena direcci\u00f3n.<br \/>\r\n<br \/>\r\nAprovechamos para recordar aqu\u00ed, por \u00faltimo, que el marzo pasado se cumplieron dos a\u00f1os de la presentaci\u00f3n de la pionera \u201c<a href=\"http:\/\/digitalrightsbarcelona.org\/la-carta\/?lang=es\" target=\"_blank\" rel=\"noopener\">Carta de Barcelona por los Derechos de la Ciudadan\u00eda en la era digital<\/a>\u201d, proyecto impulsado por el Ilustre Colegio de la Abogac\u00eda de Barcelona, liderado por la actual decana M\u00aa Eug\u00e8nia\u00a0Gay\u00a0y el diputado de la Junta de Gobierno y responsable de la Comisi\u00f3n de Transformaci\u00f3n Digital, Rodolfo\u00a0Tesone.<br \/>\r\n<br \/>\r\nLa \"Carta\" naci\u00f3 con el objetivo de establecer las bases para un acuerdo global que permita garantizar que los adelantos tecnol\u00f3gicos -que ayudan a mejorar la calidad de vida de las personas- se lleven a cabo respetando los derechos humanos esenciales y los principios democr\u00e1ticos de las sociedades.<br \/>\r\n<br \/>\r\nEs indudable que nos enfrentemos a retos in\u00e9ditos y el mundo jur\u00eddico tiene que ser valiente y proactivo (y r\u00e1pido) para darle a la sociedad las soluciones que necesita.<br \/>\r\n<br \/>\r\nComo siempre, cuidaos!<\/p>","protected":false},"excerpt":{"rendered":"<p>El Gobierno espa\u00f1ol ha presentado la nueva Carta de Derechos Digitales, un documento que busca adaptar los derechos b\u00e1sicos consagrados ... <a title=\"La nueva Carta de Derechos Digitales\" class=\"read-more\" href=\"https:\/\/tecnolawyer.com\/es\/la-nueva-carta-de-derechos-digitales\/\" aria-label=\"Leer m\u00e1s sobre La nueva Carta de Derechos Digitales\">Leer m\u00e1s<\/a><\/p>\n","protected":false},"author":2,"featured_media":55822,"comment_status":"closed","ping_status":"closed","sticky":false,"template":"","format":"standard","meta":{"inline_featured_image":false,"generate_page_header":"","footnotes":""},"categories":[262,265],"tags":[],"class_list":["post-55825","post","type-post","status-publish","format-standard","has-post-thumbnail","hentry","category-derecho-digital-es","category-derechos-y-libertades-digitales-de-las-personas-es","generate-columns","tablet-grid-50","mobile-grid-100","grid-parent","grid-50"],"_links":{"self":[{"href":"https:\/\/tecnolawyer.com\/es\/wp-json\/wp\/v2\/posts\/55825","targetHints":{"allow":["GET"]}}],"collection":[{"href":"https:\/\/tecnolawyer.com\/es\/wp-json\/wp\/v2\/posts"}],"about":[{"href":"https:\/\/tecnolawyer.com\/es\/wp-json\/wp\/v2\/types\/post"}],"author":[{"embeddable":true,"href":"https:\/\/tecnolawyer.com\/es\/wp-json\/wp\/v2\/users\/2"}],"replies":[{"embeddable":true,"href":"https:\/\/tecnolawyer.com\/es\/wp-json\/wp\/v2\/comments?post=55825"}],"version-history":[{"count":0,"href":"https:\/\/tecnolawyer.com\/es\/wp-json\/wp\/v2\/posts\/55825\/revisions"}],"wp:featuredmedia":[{"embeddable":true,"href":"https:\/\/tecnolawyer.com\/es\/wp-json\/wp\/v2\/media\/55822"}],"wp:attachment":[{"href":"https:\/\/tecnolawyer.com\/es\/wp-json\/wp\/v2\/media?parent=55825"}],"wp:term":[{"taxonomy":"category","embeddable":true,"href":"https:\/\/tecnolawyer.com\/es\/wp-json\/wp\/v2\/categories?post=55825"},{"taxonomy":"post_tag","embeddable":true,"href":"https:\/\/tecnolawyer.com\/es\/wp-json\/wp\/v2\/tags?post=55825"}],"curies":[{"name":"wp","href":"https:\/\/api.w.org\/{rel}","templated":true}]}}