{"id":55761,"date":"2021-05-28T12:54:09","date_gmt":"2021-05-28T10:54:09","guid":{"rendered":"https:\/\/tecnolawyer.com\/tres-anos-ya-de-rgpd\/"},"modified":"2021-05-28T13:42:52","modified_gmt":"2021-05-28T11:42:52","slug":"tres-anos-ya-de-rgpd","status":"publish","type":"post","link":"https:\/\/tecnolawyer.com\/es\/tres-anos-ya-de-rgpd\/","title":{"rendered":"Tres a\u00f1os ya de RGPD"},"content":{"rendered":"<p><em>Esta semana se han cumplido tres a\u00f1os desde que el Reglamento General de Protecci\u00f3n de Datos entr\u00f3 en aplicaci\u00f3n. Repasamos en este post algunos de los hitos m\u00e1s importantes y haremos un poco de balance que, como siempre, tendr\u00e1 luces y sombras.<\/em><\/p>\r\n<p>El RGPD entr\u00f3 en vigor el 2016 pero, gracias a una moratoria, su aplicaci\u00f3n no empez\u00f3 hasta mayo de 2018. La Protecci\u00f3n de Datos personales no era una novedad en nuestro pa\u00eds, la LORTAD es de 1992 y la LOPD de 1999, pero no cabe duda que la entrada en vigor del RGPD supuso un <strong>cambio de paradigma en el tratamiento de los datos personales<\/strong> por parte de las empresas en Espa\u00f1a. Muchos descubrieron, a partir de aquel momento, <strong>el derecho fundamental a la privacidad<\/strong> o, lo que es lo mismo, <strong>garantizar a las personas el control sobre sus datos personales<\/strong>.<br \/>\r\n<br \/>\r\nAhora hablamos de un <strong>modelo preventivo<\/strong> (no reactivo por denuncias) con <strong>responsabilidad proactiva<\/strong>, donde se ha establecido la privacidad por defecto, desde el dise\u00f1o, y todo el enfoque de las obligaciones de los responsables se tiene que hacer basado en el <strong>enfoque del riesgo<\/strong>.<br \/>\r\n<br \/>\r\n<strong>Consentimiento reforzado<\/strong>, nuevas cl\u00e1usulas informativas, nuevos contratos de encargado de tratamiento, medidas de seguridad (violaciones de seguridad), nuevos derechos de los interesados y figuras como el Delegado de Protecci\u00f3n de Datos son algunas de las novedades que nos trajo el RGPD y que ahora nos resultan, adem\u00e1s de familiares, imprescindibles en nuestro d\u00eda a d\u00eda en la materia.<br \/>\r\n<br \/>\r\nY las <a href=\"https:\/\/tecnolawyer.com\/es\/multas-aepd-no-hay-dos-sin-tres\/\" target=\"_blank\" rel=\"noopener\">sanciones<\/a>, no nos olvidamos, son considerables. Espa\u00f1a es el pa\u00eds que m\u00e1s sanciones ha puesto a Pymes en el marco europeo. Y, como siempre, al margen del importante coste econ\u00f3mico, lo m\u00e1s preocupante tiene que ver con la <strong>p\u00e9rdida de reputaci\u00f3n de la empresa<\/strong>. Este es el intangible m\u00e1s apreciado y que tenemos que preservar a toda costa.<br \/>\r\n<br \/>\r\nEste tiempo no ha estado exento de dificultades. Solo hay que recordar la anulaci\u00f3n del Acuerdo\u00a0Privacy\u00a0Shield\u00a0que daba cobertura jur\u00eddica a las transferencias de datos entre Europa y los Estados Unidos. O las modificaciones en la regulaci\u00f3n de las cookies que, todav\u00eda hoy, incumplen muchas empresas.<br \/>\r\n<br \/>\r\nY no olvidemos la tecnolog\u00eda que avanza a pasos agigantados, mientras que la normativa le sigue al ritmo que puede. Con la pandemia hemos visto el auge de las videoconferencias y el teletrabajo con sus dificultades para preservar la privacidad. Y otros, como por ejemplo, el reconocimiento facial o de voz, la Inteligencia Artificial (IA), el Big Data o el Blockchain que empezaban a aparecer o directamente no exist\u00edan cuando empezaron los trabajos del <a href=\"https:\/\/edpb.europa.eu\/about-edpb\/more-about-edpb\/article-29-working-party_es\" target=\"_blank\" rel=\"noopener\">Grupo de Trabajo del art\u00edculo 29<\/a>, all\u00e1 por el 1996. \u00a0<br \/>\r\n<br \/>\r\nUn balance, al fin, bastante positivo en general. Pero queda mucho camino por recorrer.<br \/>\r\n<br \/>\r\nCuidaos!<\/p>","protected":false},"excerpt":{"rendered":"<p>Esta semana se han cumplido tres a\u00f1os desde que el Reglamento General de Protecci\u00f3n de Datos entr\u00f3 en aplicaci\u00f3n. Repasamos ... <a title=\"Tres a\u00f1os ya de RGPD\" class=\"read-more\" href=\"https:\/\/tecnolawyer.com\/es\/tres-anos-ya-de-rgpd\/\" aria-label=\"Leer m\u00e1s sobre Tres a\u00f1os ya de RGPD\">Leer m\u00e1s<\/a><\/p>\n","protected":false},"author":2,"featured_media":55759,"comment_status":"closed","ping_status":"closed","sticky":false,"template":"","format":"standard","meta":{"inline_featured_image":false,"generate_page_header":"","footnotes":""},"categories":[252],"tags":[],"class_list":["post-55761","post","type-post","status-publish","format-standard","has-post-thumbnail","hentry","category-privacidad-proteccion_datos-es","generate-columns","tablet-grid-50","mobile-grid-100","grid-parent","grid-50"],"_links":{"self":[{"href":"https:\/\/tecnolawyer.com\/es\/wp-json\/wp\/v2\/posts\/55761","targetHints":{"allow":["GET"]}}],"collection":[{"href":"https:\/\/tecnolawyer.com\/es\/wp-json\/wp\/v2\/posts"}],"about":[{"href":"https:\/\/tecnolawyer.com\/es\/wp-json\/wp\/v2\/types\/post"}],"author":[{"embeddable":true,"href":"https:\/\/tecnolawyer.com\/es\/wp-json\/wp\/v2\/users\/2"}],"replies":[{"embeddable":true,"href":"https:\/\/tecnolawyer.com\/es\/wp-json\/wp\/v2\/comments?post=55761"}],"version-history":[{"count":0,"href":"https:\/\/tecnolawyer.com\/es\/wp-json\/wp\/v2\/posts\/55761\/revisions"}],"wp:featuredmedia":[{"embeddable":true,"href":"https:\/\/tecnolawyer.com\/es\/wp-json\/wp\/v2\/media\/55759"}],"wp:attachment":[{"href":"https:\/\/tecnolawyer.com\/es\/wp-json\/wp\/v2\/media?parent=55761"}],"wp:term":[{"taxonomy":"category","embeddable":true,"href":"https:\/\/tecnolawyer.com\/es\/wp-json\/wp\/v2\/categories?post=55761"},{"taxonomy":"post_tag","embeddable":true,"href":"https:\/\/tecnolawyer.com\/es\/wp-json\/wp\/v2\/tags?post=55761"}],"curies":[{"name":"wp","href":"https:\/\/api.w.org\/{rel}","templated":true}]}}